{"id":1584,"date":"2020-03-13T15:05:57","date_gmt":"2020-03-13T14:05:57","guid":{"rendered":"https:\/\/mitbestimmung-citybahn.de\/mitbestimmung\/?p=1584"},"modified":"2020-09-11T12:51:36","modified_gmt":"2020-09-11T10:51:36","slug":"05_kleiner-nachtrag-zum-pro-text-destruktive-strategien","status":"publish","type":"post","link":"https:\/\/mitbestimmung-citybahn.de\/mitbestimmung\/?p=1584","title":{"rendered":"13.3.2020 &#8211; Kleiner Nachtrag zum Pro-Text Destruktive Strategien"},"content":{"rendered":"<p>(13.3.2020) Kleiner Nachtrag zum Pro-Citybahn-Beitrag \u201eDestruktive Strategien\u201c. Dort wird unter anderem dar\u00fcber lamentiert, da\u00df die Kommentarfunktion auf unserer Homepage abgeschaltet ist. Hier meine pers\u00f6nliche Antwort, warum ich mich definitiv nicht daf\u00fcr aussprechen werde, das zu \u00e4ndern:<\/p>\n<p>Ich habe immer wieder das durchaus zweifelhafte Vergn\u00fcgen, die \u201eSchreib-Aktivit\u00e4ten\u201c der \u00fcblichen Verd\u00e4chtigen in der Pro-Truppe zu verfolgen (L\u00fcck, Kraft, Eisenbl\u00e4tter, Bosse, Jaeck, um nur die die zu nennen, die mir gerade spontan einfallen). Wie ich schon geschrieben hatte \u2013 ich finde es beeindruckend, wieviel Zeit und Energie diese Herren und die Dame offenbar haben, sich auf alles zu st\u00fcrzen, was sich da an \u00c4u\u00dferungen der Citybahn-Skeptikern auf Medien wie dem Online-Kurier oder Merkurist bewegt. Ich kann mir lebhaft vorstellen, da\u00df sie darauf brennen, unsere Website mit flei\u00dfiger Schreibt\u00e4tigkeit zuzuspammen. Bevor jemand fragt: S<u>effast\u00e4ndlich<\/u> glaube ich nicht, da\u00df der professionelle Auftritt und der enorme Flei\u00df der Pro-Citybahn-Aktivisten auch nur aufs Allerkleinste etwas mit den fast 2 Millionen Euro zu tun hat, die jetzt schon f\u00fcr Propaganda \u2013 pardon, Kommunikation, versenkt wurden.<\/p>\n<p>Um es ganz deutlich zu sagen: Ich habe keine Lust, mir noch mehr meiner knappen Freizeit von Leuten klauen zu lassen, deren ganzer Lebensinhalt offenbar darin besteht, endlos in immer den gleichen Orbits zu kreisen, vielleicht in der Hoffnung, die Gegenseite ins Koma zu reden oder zu schreiben. Debattiert haben wir nun wahrlich schon genug. Die hundertste Umdrehung der Citybahn-Pro- und Kontra-Argumente braucht kein Mensch.<\/p>\n<p>Ich sehe die Website als einen Ort, an dem die Positionen der BI beschrieben und Hintergrundinformationen dazu angeboten werden. Alle f\u00fcr eine Entscheidung relevanten Argumente liegen l\u00e4ngst auf dem Tisch, auch wenn die Pro-Aktivisten uns gerne glauben machen wollen, die B\u00fcrger k\u00f6nnten erst sinnvoll entscheiden, wenn auch die allerkleinsten Details genau bekannt sind. Was es um so merkw\u00fcrdiger macht, da\u00df gerade diese Aktivisten sich offenbar seit Jahren entschieden haben.<\/p>\n<p>Und sowieso ist die zentrale Frage ganz simpel, sie wurde schon vor langer Zeit gestellt und ich habe von der Pro-Seite noch immer keine ernstzunehmende Antwort darauf geh\u00f6rt: Warum hat die Pro-Seite so eine panische Angst davor, die B\u00fcrger \u00fcber das Ja oder Nein der Citybahn entscheiden zu lassen, wo sie doch ein so tolles Produkt im Angebot haben?<\/p>\n<p>Ich schreibe \u201ehat\u201c und nicht \u201ehatte\u201c, denn diese Angst scheint es immer noch zu geben. Sonst w\u00e4re nicht k\u00fcrzlich nochmal eine \u201eInformationsoffensive\u201c angek\u00fcndigt worden, die noch im M\u00e4rz 2020 starten soll. Ich bin ja immer noch skeptisch, ob die Stadtverordnetenversammlung tats\u00e4chlich den B\u00fcrgerentscheid startet, und wenn, mit welcher Fragestellung \u2013 am liebsten w\u00e4re den Kollegen wahrscheinlich etwas wie \u201esind Sie gegen die Citybahn und wollen in die Klimah\u00f6lle, oder wollen Sie nicht doch die Welt retten und ein guter Mensch sein?\u201c<\/p>\n<p>&nbsp;<\/p>\n","protected":false},"excerpt":{"rendered":"<p>(13.3.2020) Kleiner Nachtrag zum Pro-Citybahn-Beitrag \u201eDestruktive Strategien\u201c. Dort wird unter anderem dar\u00fcber lamentiert, da\u00df die Kommentarfunktion auf unserer Homepage abgeschaltet ist. Hier meine pers\u00f6nliche Antwort, warum ich mich definitiv nicht daf\u00fcr aussprechen werde, das zu \u00e4ndern: Ich habe immer wieder das durchaus zweifelhafte Vergn\u00fcgen, die \u201eSchreib-Aktivit\u00e4ten\u201c der \u00fcblichen Verd\u00e4chtigen in&hellip; <\/p>\n","protected":false},"author":11,"featured_media":0,"comment_status":"closed","ping_status":"closed","sticky":false,"template":"","format":"standard","meta":{"footnotes":""},"categories":[3,10,7],"tags":[],"class_list":["post-1584","post","type-post","status-publish","format-standard","hentry","category-buergerentscheid","category-mobilitaetsleitbild","category-oeffentlichkeitsarbeit"],"_links":{"self":[{"href":"https:\/\/mitbestimmung-citybahn.de\/mitbestimmung\/index.php?rest_route=\/wp\/v2\/posts\/1584","targetHints":{"allow":["GET"]}}],"collection":[{"href":"https:\/\/mitbestimmung-citybahn.de\/mitbestimmung\/index.php?rest_route=\/wp\/v2\/posts"}],"about":[{"href":"https:\/\/mitbestimmung-citybahn.de\/mitbestimmung\/index.php?rest_route=\/wp\/v2\/types\/post"}],"author":[{"embeddable":true,"href":"https:\/\/mitbestimmung-citybahn.de\/mitbestimmung\/index.php?rest_route=\/wp\/v2\/users\/11"}],"replies":[{"embeddable":true,"href":"https:\/\/mitbestimmung-citybahn.de\/mitbestimmung\/index.php?rest_route=%2Fwp%2Fv2%2Fcomments&post=1584"}],"version-history":[{"count":2,"href":"https:\/\/mitbestimmung-citybahn.de\/mitbestimmung\/index.php?rest_route=\/wp\/v2\/posts\/1584\/revisions"}],"predecessor-version":[{"id":1802,"href":"https:\/\/mitbestimmung-citybahn.de\/mitbestimmung\/index.php?rest_route=\/wp\/v2\/posts\/1584\/revisions\/1802"}],"wp:attachment":[{"href":"https:\/\/mitbestimmung-citybahn.de\/mitbestimmung\/index.php?rest_route=%2Fwp%2Fv2%2Fmedia&parent=1584"}],"wp:term":[{"taxonomy":"category","embeddable":true,"href":"https:\/\/mitbestimmung-citybahn.de\/mitbestimmung\/index.php?rest_route=%2Fwp%2Fv2%2Fcategories&post=1584"},{"taxonomy":"post_tag","embeddable":true,"href":"https:\/\/mitbestimmung-citybahn.de\/mitbestimmung\/index.php?rest_route=%2Fwp%2Fv2%2Ftags&post=1584"}],"curies":[{"name":"wp","href":"https:\/\/api.w.org\/{rel}","templated":true}]}}