{"id":1669,"date":"2020-08-25T09:37:14","date_gmt":"2020-08-25T07:37:14","guid":{"rendered":"https:\/\/mitbestimmung-citybahn.de\/mitbestimmung\/?p=1669"},"modified":"2020-09-11T12:47:50","modified_gmt":"2020-09-11T10:47:50","slug":"corona-home-office-und-die-citybahn","status":"publish","type":"post","link":"https:\/\/mitbestimmung-citybahn.de\/mitbestimmung\/?p=1669","title":{"rendered":"24.8.2020 &#8211; Corona, Home Office und die Citybahn"},"content":{"rendered":"<p>(24.8.20) Corona, Home Office und die Citybahn:<\/p>\n<p>In den Medien liest man schon seit l\u00e4ngerem davon, da\u00df \u201eHomeoffice\u201c, im Zuge der Corona-Pandemie eingef\u00fchrt, sowohl von Firmen als auch von Mitarbeitern \u00fcberwiegend positiv bewertet wird. Eine ganze Reihe von Studien gehen in die gleiche Richtung \u2013 der Anteil von Firmen, die Homeoffice regelm\u00e4\u00dfig nutzen, hat \u201evor Corona\u201c bei etwa 25% gelegen. Beim aktuellen Anteil von fast 50% wird es zwar wohl nicht bleiben, die Auswertung des Zentrums f\u00fcr Europ\u00e4ische Wirtschaftsforschung (ZEW) besagt aber, da\u00df ca. 37% der 1765 befragten Unternehmen Homeoffice dauerhaft nutzen wollen (<a href=\"https:\/\/www.zew.de\/presse\/pressearchiv\/unternehmen-wollen-auch-nach-der-krise-an-homeoffice-festhalten\">https:\/\/www.zew.de\/presse\/pressearchiv\/unternehmen-wollen-auch-nach-der-krise-an-homeoffice-festhalten<\/a>).<\/p>\n<p>Siehe dazu auch: <a href=\"https:\/\/www.iwd.de\/artikel\/der-bueroturm-hat-womoeglich-ausgedient-478065\/\">https:\/\/www.iwd.de\/artikel\/der-bueroturm-hat-womoeglich-ausgedient-478065\/<\/a><\/p>\n<p>Zum einen d\u00fcrfte es wegen des zu erwartenden R\u00fcckgangs beim Pendlerverkehr notwendig sein, Verkehrsprognosen entsprechend nach unten zu korrigieren.<\/p>\n<p>Sekund\u00e4reffekte entstehen aus der geringeren Nachfrage nach B\u00fcrofl\u00e4chen. Bei bereits ans\u00e4ssigen Firmen wahrscheinlich mit weiteren Folgeeffekten aus R\u00fcckgang bei der Nachfrage nach Produkten und Dienstleistungen in diesem Bereich. Bei Neuansiedlungen werden Firmen nicht nur mit geringerem Fl\u00e4chenbedarf planen, sondern verst\u00e4rkt dar\u00fcber nachdenken, ob sie die teure zentrale Lage \u00fcberhaupt brauchen oder ob es nicht auch ein weniger zentraler Standort tut. Beides wird Auswirkungen auf die Einnahmesituation der St\u00e4dte haben.<\/p>\n<p>Zum anderen \u2013 hierzu wurde gerade eine Studie des Immobilienspezialisten JLL ver\u00f6ffentlicht \u2013 wird sich die Nachfrage nach Immobilien ver\u00e4ndern, hin zu mehr Wohnen im L\u00e4ndlichen oder der Peripherie (<a href=\"https:\/\/www.jll.de\/de\/presse\/veraenderte-arbeitswelten-zunahme-von-home-office-veraendert-nachfrage-nach-buero-und-wohnen\">https:\/\/www.jll.de\/de\/presse\/veraenderte-arbeitswelten-zunahme-von-home-office-veraendert-nachfrage-nach-buero-und-wohnen<\/a>).<\/p>\n<p>Das ist eine gute Nachricht, weil es den unseligen Trend zu \u00fcberf\u00fcllten Ballungsr\u00e4umen und zu immer h\u00f6heren Mieten beenden kann.<\/p>\n<p>Es bedeutet aber auch, da\u00df die bisherigen st\u00e4dtischen Bev\u00f6lkerungsprognosen ebenfalls revidiert werden m\u00fcssen.<\/p>\n<p>Was hat all dies mit der Citybahn zu tun? Sehr viel.<\/p>\n<p>Eines der zentralen Argumente pro Citybahn ist der behauptete Anstieg des Verkehrs und das Wachstum der Stadtbev\u00f6lkerung. Diese Basis \u2013 die behaupteten Zahlen waren auch davor schon zweifelhaft \u2013 d\u00fcrfte nun nicht mehr haltbar sein; eine seri\u00f6se Neubewertung ist erforderlich.<\/p>\n<p>Gleichzeitig droht ein systematischer R\u00fcckgang der Einnahmen der Stadt aus Gewerbesteuer. Auch hier m\u00fcssen die bisherigen Annahmen auf den Pr\u00fcfstand.<\/p>\n<p>\u201eCorona\u201c wird also nicht &#8222;nur&#8220; eine m\u00f6glicherweise schwere Wirtschaftskrise ausl\u00f6sen. Die gesamte Entwicklung im Bereich Mobilit\u00e4t wird wohl auf einen neuen Pfad gelenkt.<\/p>\n<p>Hier w\u00e4re \u00fcbrigens zu bemerken, da\u00df sogar unser Mobilit\u00e4tsleitbild-&#8222;Experte&#8220; Prof. Knie vor kurzem auf den Trichter gekommen ist, da\u00df vielleicht doch die &#8222;Quality of Experience&#8220; beim der \u00d6PNV-Nutzung eine Rolle spielen k\u00f6nnte (<a href=\"https:\/\/www.spiegel.de\/auto\/nahverkehr-in-der-corona-krise-so-haben-busse-und-bahnen-gegen-das-auto-keine-chance-a-ff5d96f0-b007-4443-8bc3-10743d61d9ec\" target=\"_blank\" rel=\"noopener noreferrer\">https:\/\/www.spiegel.de\/auto\/nahverkehr-in-der-corona-krise-so-haben-busse-und-bahnen-gegen-das-auto-keine-chance-a-ff5d96f0-b007-4443-8bc3-10743d61d9ec<\/a>). Allerdings glaubt er immer noch an die &#8222;gro\u00dfen Gef\u00e4\u00dfe&#8220; als &#8222;R\u00fcckgrat&#8220;. Die notwendigen Umstiege will er mit &#8222;connected mobility&#8220; benutzerfreundlicher machen (ein alter Hut, \u00fcbrigens. Aber das ist eine andere Geschichte).<\/p>\n<blockquote>\n<ul>\n<li><em>Wu\u00dften Sie \u00fcbrigens, da\u00df der gute Professor (Soziologie) und &#8222;f\u00fchrende Mobilit\u00e4tsexperte&#8220;, der als Vorsitzender des wissenschaftlichen Beirats den &#8222;ergebnisoffenen&#8220; Mobilit\u00e4tsleitbild-Proze\u00df begleitet hat, den Privatbesitz von PKW am liebsten verbieten w\u00fcrde <a href=\"https:\/\/www.heise.de\/newsticker\/meldung\/Netzregeln-Soziologe-fordert-Verbot-eigener-Autos-3455829.html\">(https:\/\/www.heise.de\/newsticker\/meldung\/Netzregeln-Soziologe-fordert-Verbot-eigener-Autos-3455829.html<\/a>)? Na ja, unwichtiges Detail.<\/em><\/li>\n<\/ul>\n<\/blockquote>\n<p>In seinem Berlin mag der Business Case f\u00fcr extragro\u00dfe innerst\u00e4dtische Massentransportmittel auch mit einem Nachfrager\u00fcckgang von 20% oder mehr noch funktionieren. Die beste QoE erreicht man aber immer noch mit m\u00f6glichst wenig Umstiegen, sprich: wenn es weniger Massen zu transportieren gibt, eben mit kleineren, daf\u00fcr mehr und zielgenauer fahrenden Gef\u00e4\u00dfen (kleiner Tip: es gibt heute schon Fahrzeuge, mit denen das funktioniert, ohne da\u00df man daf\u00fcr erst alles mit Schienen zupflastern mu\u00df).<\/p>\n<blockquote>\n<ul>\n<li><em>\u00dcbrigens, haben Sie sich auch schon einmal gefragt,\u00a0 woher dieser seltsame Begriff &#8222;Gef\u00e4\u00df&#8220; f\u00fcr Massentransportmittel kommt? Das englische Wort &#8222;Vessel&#8220; kann je nach Kontext Schiff, Gef\u00e4\u00df oder einfach Fahrzeug bedeuten.<\/em><\/li>\n<\/ul>\n<\/blockquote>\n<p>Ich schweife schon wieder ab. Was ich sagen will: Das Massentransportmittel Citybahn war vor Corona schon f\u00fcr Wiesbaden grotesk unpassend. Jetzt ist es noch ein St\u00fcck unpassender geworden.<\/p>\n<p>Eigentlich sollten die Citybahn-Bef\u00fcrworter von sich aus erkl\u00e4ren, das ganze Projekt auf Eis zu legen und erstmal zu sehen, wie die Nach-Corona-Welt sich entwickelt. Um dann, vielleicht, in ein paar Jahren zu entscheiden, ob das Ganze wieder aufgenommen werden soll.\u00a0 Immerhin sprechen wir von Leuten, die vor gar nicht so langer Zeit noch behauptet haben, die Wiesbadener B\u00fcrger k\u00f6nnten erst dann eine qualifizierte Entscheidung \u00fcber die Citybahn treffen, wenn der letzte Meter Schiene durchgeplant ist (was sie allerdings nicht daran gehindert hat, schon vor Jahren\u00a0 ihre eigene &#8222;Pro&#8220;-Entscheidung zu treffen).<\/p>\n<p>Von daher \u2013 die einzig richtige Antwort beim B\u00fcrgerentscheid am\u00a0 1.11.2020 ist \u201eNein\u201c.<\/p>\n","protected":false},"excerpt":{"rendered":"<p>(24.8.20) Corona, Home Office und die Citybahn: In den Medien liest man schon seit l\u00e4ngerem davon, da\u00df \u201eHomeoffice\u201c, im Zuge der Corona-Pandemie eingef\u00fchrt, sowohl von Firmen als auch von Mitarbeitern \u00fcberwiegend positiv bewertet wird. Eine ganze Reihe von Studien gehen in die gleiche Richtung \u2013 der Anteil von Firmen, die&hellip; <\/p>\n","protected":false},"author":11,"featured_media":0,"comment_status":"closed","ping_status":"closed","sticky":false,"template":"","format":"standard","meta":{"footnotes":""},"categories":[3,10,4],"tags":[],"class_list":["post-1669","post","type-post","status-publish","format-standard","hentry","category-buergerentscheid","category-mobilitaetsleitbild","category-stadtpolitik"],"_links":{"self":[{"href":"https:\/\/mitbestimmung-citybahn.de\/mitbestimmung\/index.php?rest_route=\/wp\/v2\/posts\/1669","targetHints":{"allow":["GET"]}}],"collection":[{"href":"https:\/\/mitbestimmung-citybahn.de\/mitbestimmung\/index.php?rest_route=\/wp\/v2\/posts"}],"about":[{"href":"https:\/\/mitbestimmung-citybahn.de\/mitbestimmung\/index.php?rest_route=\/wp\/v2\/types\/post"}],"author":[{"embeddable":true,"href":"https:\/\/mitbestimmung-citybahn.de\/mitbestimmung\/index.php?rest_route=\/wp\/v2\/users\/11"}],"replies":[{"embeddable":true,"href":"https:\/\/mitbestimmung-citybahn.de\/mitbestimmung\/index.php?rest_route=%2Fwp%2Fv2%2Fcomments&post=1669"}],"version-history":[{"count":13,"href":"https:\/\/mitbestimmung-citybahn.de\/mitbestimmung\/index.php?rest_route=\/wp\/v2\/posts\/1669\/revisions"}],"predecessor-version":[{"id":1796,"href":"https:\/\/mitbestimmung-citybahn.de\/mitbestimmung\/index.php?rest_route=\/wp\/v2\/posts\/1669\/revisions\/1796"}],"wp:attachment":[{"href":"https:\/\/mitbestimmung-citybahn.de\/mitbestimmung\/index.php?rest_route=%2Fwp%2Fv2%2Fmedia&parent=1669"}],"wp:term":[{"taxonomy":"category","embeddable":true,"href":"https:\/\/mitbestimmung-citybahn.de\/mitbestimmung\/index.php?rest_route=%2Fwp%2Fv2%2Fcategories&post=1669"},{"taxonomy":"post_tag","embeddable":true,"href":"https:\/\/mitbestimmung-citybahn.de\/mitbestimmung\/index.php?rest_route=%2Fwp%2Fv2%2Ftags&post=1669"}],"curies":[{"name":"wp","href":"https:\/\/api.w.org\/{rel}","templated":true}]}}