{"id":1821,"date":"2020-09-25T14:42:36","date_gmt":"2020-09-25T12:42:36","guid":{"rendered":"https:\/\/mitbestimmung-citybahn.de\/mitbestimmung\/?p=1821"},"modified":"2020-09-25T14:42:36","modified_gmt":"2020-09-25T12:42:36","slug":"25-09-2020-wiesbaden-die-autostadt-von-deutschland","status":"publish","type":"post","link":"https:\/\/mitbestimmung-citybahn.de\/mitbestimmung\/?p=1821","title":{"rendered":"25.09.2020 &#8211; Wiesbaden, DIE Autostadt von Deutschland ?"},"content":{"rendered":"\r\n<p>Aus einschl\u00e4gigen kommunalpolitischen Kreisen wird oftmals kolportiert und offenbar ungepr\u00fcft medial verbreitet, dass Wiesbaden ja zu DEN bundesweiten Spitzenreitern bez\u00fcglich PKW Bestand z\u00e4hlt.<\/p>\r\n<p>Ungeachtet der jahrelangen Megabaustellen, wie z.B. Schiersteiner Br\u00fccke, Salzbachtalbr\u00fccke, Umbau Wiesbadener Kreuz, etc., die in den vergangen Jahren und auch aktuell und naher Zukunft immer wieder f\u00fcr gr\u00f6\u00dfere bis gro\u00dfe Verz\u00f6gerungen und Staus sorgen und wir in Wiesbaden in den vergangen Jahren und auch derzeit keinen Normalzustand erleben, haben wir uns die Statistik dazu kurz angesehen.<\/p>\r\n<p>Laut dem Kraftfahrt Bundesamt (siehe Link unten) liegt aktuell der PKW Bestand pro 1.000 Einwohner im Bundesdurchschnitt bei 575 (also 57,5%), in Hessen bei 599 (also fast 60%) und in Wiesbaden bei 589 (also 59%).<\/p>\r\n<p>ALLERDINGS sind in Wiesbaden zahlreichen Autovermietungs-\/Leasingfirmen gemeldet, so dass nach aktueller Bereinigung sich diese Zahl irgendwo bei 142.000 bzw. 51% f\u00fcr Wiesbaden einpendelt (siehe Link). Damit liegt Wiesbaden ca. 6 bis 9% UNTER dem Durchschnitt von Hessen und Bund! Dies ist nat\u00fcrlich kein Grund f\u00fcr mehr PKW, stellt allerdings die kommunale Kommunikation in ein korrekteres Licht!<\/p>\r\n<p>Da Wiesbaden eine ohnehin enge Innenstadt hat, bedeutet der nahezu unumkehrbare Verlust &amp; eine k\u00fcnstliche Verknappung von Verkehrsraum, wie z.B. durch eine knapp 7m breite Citybahn Schienentrasse, eine deutliche Beschleunigung und Verschlimmerung des Staupotentials. Dies ist weder im Sinne der allermeisten Wiesbadener\/-innen noch im Sinne von Umwelt-, Luft und Klimaschutz, da eine unn\u00f6tige Mehrbelastung.\u00a0<\/p>\r\n<p><a href=\"http:\/\/www.wiesbadenaktuell.de\/startseite\/news-detail-view\/article\/ist-wiesbaden-wirklich-das-detroit-des-rhein-main-raums.html\">http:\/\/www.wiesbadenaktuell.de\/startseite\/news-detail-view\/article\/ist-wiesbaden-wirklich-das-detroit-des-rhein-main-raums.html<\/a><\/p>\r\n<p><a href=\"https:\/\/www.kba.de\/DE\/Statistik\/Fahrzeuge\/Bestand\/ZulassungsbezirkeGemeinden\/b_zulassungsbezirke_inhalt.html?nn=2598042\">https:\/\/www.kba.de\/DE\/Statistik\/Fahrzeuge\/Bestand\/ZulassungsbezirkeGemeinden\/b_zulassungsbezirke_inhalt.html?nn=2598042<\/a><\/p>\r\n","protected":false},"excerpt":{"rendered":"<p>Aus einschl\u00e4gigen kommunalpolitischen Kreisen wird oftmals kolportiert und offenbar ungepr\u00fcft medial verbreitet, dass Wiesbaden ja zu DEN bundesweiten Spitzenreitern bez\u00fcglich PKW Bestand z\u00e4hlt. Ungeachtet der jahrelangen Megabaustellen, wie z.B. Schiersteiner Br\u00fccke, Salzbachtalbr\u00fccke, Umbau Wiesbadener Kreuz, etc., die in den vergangen Jahren und auch aktuell und naher Zukunft immer wieder f\u00fcr&hellip; <\/p>\n","protected":false},"author":12,"featured_media":0,"comment_status":"closed","ping_status":"closed","sticky":false,"template":"","format":"standard","meta":{"footnotes":""},"categories":[3,10,7,4,1],"tags":[],"class_list":["post-1821","post","type-post","status-publish","format-standard","hentry","category-buergerentscheid","category-mobilitaetsleitbild","category-oeffentlichkeitsarbeit","category-stadtpolitik","category-uncategorized"],"_links":{"self":[{"href":"https:\/\/mitbestimmung-citybahn.de\/mitbestimmung\/index.php?rest_route=\/wp\/v2\/posts\/1821","targetHints":{"allow":["GET"]}}],"collection":[{"href":"https:\/\/mitbestimmung-citybahn.de\/mitbestimmung\/index.php?rest_route=\/wp\/v2\/posts"}],"about":[{"href":"https:\/\/mitbestimmung-citybahn.de\/mitbestimmung\/index.php?rest_route=\/wp\/v2\/types\/post"}],"author":[{"embeddable":true,"href":"https:\/\/mitbestimmung-citybahn.de\/mitbestimmung\/index.php?rest_route=\/wp\/v2\/users\/12"}],"replies":[{"embeddable":true,"href":"https:\/\/mitbestimmung-citybahn.de\/mitbestimmung\/index.php?rest_route=%2Fwp%2Fv2%2Fcomments&post=1821"}],"version-history":[{"count":2,"href":"https:\/\/mitbestimmung-citybahn.de\/mitbestimmung\/index.php?rest_route=\/wp\/v2\/posts\/1821\/revisions"}],"predecessor-version":[{"id":1831,"href":"https:\/\/mitbestimmung-citybahn.de\/mitbestimmung\/index.php?rest_route=\/wp\/v2\/posts\/1821\/revisions\/1831"}],"wp:attachment":[{"href":"https:\/\/mitbestimmung-citybahn.de\/mitbestimmung\/index.php?rest_route=%2Fwp%2Fv2%2Fmedia&parent=1821"}],"wp:term":[{"taxonomy":"category","embeddable":true,"href":"https:\/\/mitbestimmung-citybahn.de\/mitbestimmung\/index.php?rest_route=%2Fwp%2Fv2%2Fcategories&post=1821"},{"taxonomy":"post_tag","embeddable":true,"href":"https:\/\/mitbestimmung-citybahn.de\/mitbestimmung\/index.php?rest_route=%2Fwp%2Fv2%2Ftags&post=1821"}],"curies":[{"name":"wp","href":"https:\/\/api.w.org\/{rel}","templated":true}]}}