{"id":1833,"date":"2020-09-26T14:52:32","date_gmt":"2020-09-26T12:52:32","guid":{"rendered":"https:\/\/mitbestimmung-citybahn.de\/mitbestimmung\/?p=1833"},"modified":"2020-09-26T14:52:32","modified_gmt":"2020-09-26T12:52:32","slug":"26-9-2020-citybahn-verliert-im-im-jugendparlament-wiesbaden-massiv-an-rueckhalt","status":"publish","type":"post","link":"https:\/\/mitbestimmung-citybahn.de\/mitbestimmung\/?p=1833","title":{"rendered":"26.9.2020 Citybahn verliert im im Jugendparlament Wiesbaden massiv an R\u00fcckhalt"},"content":{"rendered":"<p>(26.9.2020) Citybahn verliert im Jugendparlament Wiesbaden massiv an R\u00fcckhalt: Am 24.9. fand im Jugendparlament Wiesbaden zum zweiten Mal eine Debatte mit anschlie\u00dfender Abstimmung statt. Die Ergebnisse im Vergleich: 2018: 16 Ja, 5 Nein, 2 Enthaltungen. 2020: 13 Ja, 10 Nein, 1 Enthaltung.<\/p>\n<p>Und ja, das ist immer noch eine Mehrheit, was auch in den letzten Tagen in den citybahnfreundlichen Medien &#8211; wenig \u00fcberraschend &#8211; entsprechend gefeiert wurde. Nur zeigt das Ergebnis, da\u00df selbst in dieser &#8222;Hochburg&#8220; der Citybahn-Freunde ein Umdenken eingesetzt hat. Es ist beruhigend zu sehen, da\u00df selbst Millionen an Euro Werbegeld und massives Werbetrommeln aus fast allen Wiesbadener Parteien es nicht geschafft hat, gesunden Menschenverstand und rationales Denken zu unterdr\u00fccken.<\/p>\n<p>Gerade junge Menschen sollten sich ja auch besonders sorgf\u00e4ltig Gedanken dar\u00fcber machen, ob sie ein Alles-oder-nichts-Experiment mit ihrer Zukunft wirklich wollen. Selbst im Bestfall &#8211; wenn die Citybahn nicht genau den Verkehrskollaps herbeif\u00fchrt, den sie angeblich verhindern soll &#8211; &#8222;winkt&#8220; die Aussicht auf jahrzehntelange massive Defizite aus dem Betrieb bei gleichzeitiger de-facto-Blockade neuer, innovativer Mobilit\u00e4tsformen durch den exklusiven Platzanspruch der Trasse.<\/p>\n<p>Entwickeln sich die Dinge &#8222;nach Corona&#8220; wie jetzt von vielen prognostiziert, werden wir eine deutliche Zunahme von Homeoffice, dadurch weniger Pendelverkehr und vermutlich auch einen Trend &#8222;zur\u00fcck in die Fl\u00e4che&#8220; sehen, sowohl bei Firmen als auch beim Wohnen. Damit w\u00e4ren dann die immer schon \u00e4u\u00dferst optimistischen Prognosen zur Fahrgastentwicklung endg\u00fcltig Geschichte. Hei\u00dft: Noch h\u00f6here Defizite.<\/p>\n<p>Vielleicht haben sich die jungen Leute, die am Donnerstag zugeh\u00f6rt und abgestimmt haben, auch gefragt, welche Interessen und Motive au\u00dfer den vordergr\u00fcndig dargestellten &#8211; eigentlich noch hinter der Citybahn strecken. Da fallen einem durchaus ein paar wenig idealistische, sondern knallhart wirtschaftliche ein: Die ESWE h\u00e4tte sicher ein Interesse daran, sich \u00fcber das de-facto-Monopol einer Schienenstrecke die l\u00e4stige Konkurrenz neuer, innovativer Mobilit\u00e4tsangebote vom Hals zu halten. Und auch die Begeisterung viele Politiker k\u00f6nnte einfach die Vorfreude darauf sein, demn\u00e4chst mit gro\u00dfen Geldsummen zu hantieren.<\/p>\n<p>In der Debatte setzte die Gegenseite, vertreten von den Herren L\u00fcck und Kraft sowie einem Mitarbeiter der Citybahn GmbH &#8211; wieder auf die bew\u00e4hrte Nummer, den &#8222;Kraftschen Dreisprung&#8220; &#8211; Autos sind schlecht, die Citybahn schadet Autos (na ja, eigentlich schadet sie ja eher Autofahrern, also einer gro\u00dfen Zahl von Wiesbadenern), also mu\u00df die Citybahn her&#8220; kombiniert mit nostalgischen Bildern vom Wiesbaden der fr\u00fchen 1900er. Ja, war super damals &#8211; um dieses sch\u00f6ne Feeling wieder zu bekommen, k\u00f6nnten wir ja auch demn\u00e4chst wieder Etagentoiletten in Mehrfamilienh\u00e4usern einf\u00fchren. Oder die Einwohnerzahl von Wiesbaden auf die Werte begrenzen, f\u00fcr die Wiesbaden mal ausgelegt war.<\/p>\n<p>Warum Herr Kraft jetzt die Smartphones angesprochen hatte, habe ich ehrlich gesagt schon wieder vergessen. Ich glaube, er wollte damit eine Parallele zur Citybahn ziehen &#8211; nach dem Motto, die neue Technologie &#8222;Smartphone&#8220; wurde ja anfangs auch von vielen als Spinnerei abgetan, die sicher bald wieder in der Versenkung verschwinden w\u00fcrde. Oh richtig &#8211; das autonome Fahren ist ja f\u00fcr viele Citybahnfreunde auch nur eine Spinnerei, die sicher bald wieder in der Versenkung verschwindet&#8230;oops&#8230;<\/p>\n<p>Na ja, die Bundesregierung hat k\u00fcrzlich beschlossen, da\u00df Deutschland beim autonomen Fahren ganz vorne mitspielen soll, Aber das ist eine andere Geschichte.<\/p>\n<p>Auch die Aufforderung an die Citybahngegner, doch bitte ein besseres Konzept vorzulegen, durfte nicht fehlen. Hierzu nur folgendes: Stellen Sie sich vor, Sie gehen in einen Laden und sehen sich ein Produkt an. Nachdem Sie sich das Produkt genau angesehen haben \u2013 und Ihnen der Verk\u00e4ufer auch ausgiebig von diesem Produkt vorgeschw\u00e4rmt hat \u2013 entscheiden Sie sich, es doch lieber nicht kaufen zu wollen. An diesem Punkt wird dann der Verk\u00e4ufer pampig \u2013 er blafft sie an, Sie sollten doch gef\u00e4lligst ein besseres Produkt designen oder eben seins kaufen. Klingt schr\u00e4g, oder? In so einen Laden w\u00fcrden Sie vermutlich so schnell nicht wieder gehen.<\/p>\n","protected":false},"excerpt":{"rendered":"<p>(26.9.2020) Citybahn verliert im Jugendparlament Wiesbaden massiv an R\u00fcckhalt: Am 24.9. fand im Jugendparlament Wiesbaden zum zweiten Mal eine Debatte mit anschlie\u00dfender Abstimmung statt. Die Ergebnisse im Vergleich: 2018: 16 Ja, 5 Nein, 2 Enthaltungen. 2020: 13 Ja, 10 Nein, 1 Enthaltung. Und ja, das ist immer noch eine Mehrheit,&hellip; <\/p>\n","protected":false},"author":11,"featured_media":0,"comment_status":"closed","ping_status":"closed","sticky":false,"template":"","format":"standard","meta":{"footnotes":""},"categories":[3,10,4,9],"tags":[],"class_list":["post-1833","post","type-post","status-publish","format-standard","hentry","category-buergerentscheid","category-mobilitaetsleitbild","category-stadtpolitik","category-veranstaltungen"],"_links":{"self":[{"href":"https:\/\/mitbestimmung-citybahn.de\/mitbestimmung\/index.php?rest_route=\/wp\/v2\/posts\/1833","targetHints":{"allow":["GET"]}}],"collection":[{"href":"https:\/\/mitbestimmung-citybahn.de\/mitbestimmung\/index.php?rest_route=\/wp\/v2\/posts"}],"about":[{"href":"https:\/\/mitbestimmung-citybahn.de\/mitbestimmung\/index.php?rest_route=\/wp\/v2\/types\/post"}],"author":[{"embeddable":true,"href":"https:\/\/mitbestimmung-citybahn.de\/mitbestimmung\/index.php?rest_route=\/wp\/v2\/users\/11"}],"replies":[{"embeddable":true,"href":"https:\/\/mitbestimmung-citybahn.de\/mitbestimmung\/index.php?rest_route=%2Fwp%2Fv2%2Fcomments&post=1833"}],"version-history":[{"count":4,"href":"https:\/\/mitbestimmung-citybahn.de\/mitbestimmung\/index.php?rest_route=\/wp\/v2\/posts\/1833\/revisions"}],"predecessor-version":[{"id":1837,"href":"https:\/\/mitbestimmung-citybahn.de\/mitbestimmung\/index.php?rest_route=\/wp\/v2\/posts\/1833\/revisions\/1837"}],"wp:attachment":[{"href":"https:\/\/mitbestimmung-citybahn.de\/mitbestimmung\/index.php?rest_route=%2Fwp%2Fv2%2Fmedia&parent=1833"}],"wp:term":[{"taxonomy":"category","embeddable":true,"href":"https:\/\/mitbestimmung-citybahn.de\/mitbestimmung\/index.php?rest_route=%2Fwp%2Fv2%2Fcategories&post=1833"},{"taxonomy":"post_tag","embeddable":true,"href":"https:\/\/mitbestimmung-citybahn.de\/mitbestimmung\/index.php?rest_route=%2Fwp%2Fv2%2Ftags&post=1833"}],"curies":[{"name":"wp","href":"https:\/\/api.w.org\/{rel}","templated":true}]}}