{"id":1864,"date":"2020-10-06T12:59:17","date_gmt":"2020-10-06T10:59:17","guid":{"rendered":"https:\/\/mitbestimmung-citybahn.de\/mitbestimmung\/?p=1864"},"modified":"2020-10-06T14:42:54","modified_gmt":"2020-10-06T12:42:54","slug":"6-10-20-pro-bi-warnt-vor-unzuverlaessigem-meinungsbild-der-vrm","status":"publish","type":"post","link":"https:\/\/mitbestimmung-citybahn.de\/mitbestimmung\/?p=1864","title":{"rendered":"(6.10.20) Pro-BI warnt vor unzuverl\u00e4ssigem \u201eMeinungsbild\u201c der VRM"},"content":{"rendered":"<p>(6.10.20) Pro-BI warnt vor unzuverl\u00e4ssigem \u201eMeinungsbild\u201c der VRM<\/p>\n<p>Herzlichen Gl\u00fcckwunsch an die Kollegen der Pro-BI \u2013 nur etwas mehr als eine Woche nach meinem Post auf dieser Webseite haben sie auch herausgefunden, da\u00df diese Meinungsbild-Umfrage eventuell irref\u00fchrend sein k\u00f6nnte.<\/p>\n<p>Boshafte Menschen w\u00fcrden nat\u00fcrlich jetzt vermuten, da\u00df die Ergebnisse nicht ganz so ausgefallen sind, wie sich die Pro-Citybahn-Fraktion das gew\u00fcnscht hat. Vielleicht kann man ja mit einer letztendlich anonymen gr\u00f6\u00dferen Gruppe von Personen nicht so gut strategisches &#8222;Stakeholder Management&#8220; machen wie, sagen wir, mit IHK-Repr\u00e4sentanten. Oder die Pro&#8217;s haben so flei\u00dfig geklickt, da\u00df man jetzt bef\u00fcrchtet, da\u00df keiner mehr zur Abstimmung geht, weil alle denken, das Ganze ist schon gelaufen.<\/p>\n<p>Oder vielleicht zeigt das Ergebnis der VRM ja auch, da\u00df sie mal anfangen sollte, f\u00fcr die Mehrheit ihrer Leser zu schreiben, statt sie umerziehen zu wollen, und die Pro-BI bef\u00fcrchtet, da\u00df ihr da die mediale Unterst\u00fctzung der Wiesbadener Qualit\u00e4tspresse droht abhanden zu kommen. Fragen \u00fcber Fragen &#8211; wir leben wirklich in spannenden Zeiten.<\/p>\n<p>Aber ich will mal so tun, als w\u00fcrde ich nur die professionellen, sportlichen Motive hinter der Wortmeldung der Pro-BI sehen. Und da mu\u00df ich sagen \u2013 die Kollegen haben nat\u00fcrlich Recht. Und weil ich gerade in professionell-sportlicher Stimmung bin \u2013 liebe Pro-Kollegen, euer Artikel zum Thema ist viel zu langatmig, das liest doch keiner. Hier ein kleines Geschenk von mir \u2013 eine Kurzfassung. Seid mir bitte nicht b\u00f6se, wenn ich trotzdem die eine oder andere kleine Bemerkung einstreue.<\/p>\n<p>Also: die Kurzversion. Die Umfrage ist nicht viel wert, weil man problemlos mehrfach abstimmen kann und weil, egal wer man wirklich ist und wo man wohnt, man sich als Wiesbadener deklarieren kann. Abgesehen davon hat sie schon deshalb einen Bias (Schieflage), weil sie eher das Digitalvolk anspricht als einen echten Querschnitt der Bev\u00f6lkerung.<\/p>\n<p>Nat\u00fcrlich k\u00f6nnte man sagen, trotzdem tolle Gelegenheit, die \u00f6ffentliche Meinung zu beeinflussen, dann legen eben die Aktivisten beider Lager ein paar Nachtschichten ein und dann schreibt der Kurier einen Artikel dr\u00fcber.<\/p>\n<p>Nun gut, vielleicht sind es nicht so viele Pro-Aktivisten, wie man immer denkt. Oder sie sind nachts mit anderen Dingen besch\u00e4ftigt. Ach \u00fcbrigens, in letzter Zeit habe ich viel mehr besch\u00e4digte FDP- oder BI-Plakate gesehen habe als solche der Pro-Seite. Warum f\u00e4llt mir das gerade jetzt ein? Oje. Das war jetzt echt boshaft, ich entschuldige mich in aller Form daf\u00fcr. Schlie\u00dflich k\u00f6nnen die Pro-H\u00e4uptlinge ja nichts daf\u00fcr, wenn einige ihrer J\u00fcnger \u00fcbereifrig werden. Falls sie es \u00fcberhaupt sind. Tun wir einfach so, als h\u00e4tte ich das nicht geschrieben.<\/p>\n<p>Bei dem Budget, das der Pro-Seite offenbar zur Verf\u00fcgung steht, w\u00e4re eine andere M\u00f6glichkeit, sich bei einschl\u00e4gigen Anbietern Klicks zu kaufen. Aber solche unsportlichen Mittel nutzt die Pro-Seite ja nicht. Sekunde&#8230;warum f\u00e4llt mir an dieser Stelle die manipulative Fragestellung zum B\u00fcrgerentscheid ein?<\/p>\n<p>Jetzt aber genug gel\u00e4stert. Zur\u00fcck zur VRM-Umfrage bzw. zu meiner Kurzfassung: Solche Umfragen k\u00f6nnen immer unerw\u00fcnschte Nebenwirkungen haben. Sagen wir, 80% Nein zur Citybahn. Dann k\u00f6nnten ja die Gegner, die noch nicht abgestimmt haben, sagen: Prima, alles klar, dann mu\u00df ich ja nicht durch Regen und Sturm zum Wahllokal laufen oder mir die Arbeit machen, die Briefwahlunterlagen anzufordern. Oder umgekehrt, nat\u00fcrlich.<\/p>\n<p>Ehrlich gesagt habe ich den Pro-Text gar nicht ganz gelesen, ich hatte nach dem Lesen des dritten quasi inhaltslosen Absatzes pl\u00f6tzlich den panischen Gedanken, gleich ins Koma zu fallen. Ab und zu kommen bei mir halt immer noch die traumatischen Erinnerungen an die Mobilit\u00e4tsleitbild-Veranstaltungen hoch. Aber bei einem Punkt bin ich mir recht sicher, da\u00df er nicht auf der \u201ewarum fragw\u00fcrdig\u201c-Liste der Pro\u2019s auftaucht: Es wurden zirka 15 Punkte f\u00fcr \u201ewarum sind Sie dagegen\u201c genannt, aber man konnte nur 1 bis 5 ankreuzen. Eigentlich h\u00e4tte man sie alle ankreuzen k\u00f6nnen und unter &#8222;Anderes&#8220; noch zehn weitere nennen \u2013 warum wurde das eingeschr\u00e4nkt?<\/p>\n","protected":false},"excerpt":{"rendered":"<p>(6.10.20) Pro-BI warnt vor unzuverl\u00e4ssigem \u201eMeinungsbild\u201c der VRM Herzlichen Gl\u00fcckwunsch an die Kollegen der Pro-BI \u2013 nur etwas mehr als eine Woche nach meinem Post auf dieser Webseite haben sie auch herausgefunden, da\u00df diese Meinungsbild-Umfrage eventuell irref\u00fchrend sein k\u00f6nnte. Boshafte Menschen w\u00fcrden nat\u00fcrlich jetzt vermuten, da\u00df die Ergebnisse nicht ganz&hellip; <\/p>\n","protected":false},"author":11,"featured_media":0,"comment_status":"closed","ping_status":"closed","sticky":false,"template":"","format":"standard","meta":{"footnotes":""},"categories":[1],"tags":[],"class_list":["post-1864","post","type-post","status-publish","format-standard","hentry","category-uncategorized"],"_links":{"self":[{"href":"https:\/\/mitbestimmung-citybahn.de\/mitbestimmung\/index.php?rest_route=\/wp\/v2\/posts\/1864","targetHints":{"allow":["GET"]}}],"collection":[{"href":"https:\/\/mitbestimmung-citybahn.de\/mitbestimmung\/index.php?rest_route=\/wp\/v2\/posts"}],"about":[{"href":"https:\/\/mitbestimmung-citybahn.de\/mitbestimmung\/index.php?rest_route=\/wp\/v2\/types\/post"}],"author":[{"embeddable":true,"href":"https:\/\/mitbestimmung-citybahn.de\/mitbestimmung\/index.php?rest_route=\/wp\/v2\/users\/11"}],"replies":[{"embeddable":true,"href":"https:\/\/mitbestimmung-citybahn.de\/mitbestimmung\/index.php?rest_route=%2Fwp%2Fv2%2Fcomments&post=1864"}],"version-history":[{"count":10,"href":"https:\/\/mitbestimmung-citybahn.de\/mitbestimmung\/index.php?rest_route=\/wp\/v2\/posts\/1864\/revisions"}],"predecessor-version":[{"id":1874,"href":"https:\/\/mitbestimmung-citybahn.de\/mitbestimmung\/index.php?rest_route=\/wp\/v2\/posts\/1864\/revisions\/1874"}],"wp:attachment":[{"href":"https:\/\/mitbestimmung-citybahn.de\/mitbestimmung\/index.php?rest_route=%2Fwp%2Fv2%2Fmedia&parent=1864"}],"wp:term":[{"taxonomy":"category","embeddable":true,"href":"https:\/\/mitbestimmung-citybahn.de\/mitbestimmung\/index.php?rest_route=%2Fwp%2Fv2%2Fcategories&post=1864"},{"taxonomy":"post_tag","embeddable":true,"href":"https:\/\/mitbestimmung-citybahn.de\/mitbestimmung\/index.php?rest_route=%2Fwp%2Fv2%2Ftags&post=1864"}],"curies":[{"name":"wp","href":"https:\/\/api.w.org\/{rel}","templated":true}]}}