{"id":888,"date":"2018-01-06T12:07:58","date_gmt":"2018-01-06T11:07:58","guid":{"rendered":"http:\/\/mitbestimmung-citybahn.de\/mitbestimmung\/?p=888"},"modified":"2018-12-20T12:38:57","modified_gmt":"2018-12-20T11:38:57","slug":"06-01-2018-einladung-zu-4-infomessen-ueber-die-citybahn","status":"publish","type":"post","link":"https:\/\/mitbestimmung-citybahn.de\/mitbestimmung\/?p=888","title":{"rendered":"06.01.2018 \u2013 Einladung zu 4 Infomessen \u00fcber die Citybahn"},"content":{"rendered":"<p>Neben dem Verkehrsclub Deutschland und der B\u00fcrgerinitiative \u201eBusse statt Citybahn\u201c ist auch unsere B\u00fcrgerinitiative zu den\u00a0Wiesbadener Infomessen eingeladen worden, die ab dem 18.01.2018 jeweils zwischen 15 und 20 Uhr stattfinden sollen. Die Termine lauten<\/p>\n<p>\u00b7<span style=\"font-family: 'Times New Roman','serif';font-size: 7pt\">\u00a0\u00a0\u00a0\u00a0\u00a0\u00a0\u00a0\u00a0 <\/span><b><span style=\"font-family: 'Arial','sans-serif'\">S\u00fcdost\/Mitte:\u00a018.\u00a0Januar\u00a02018,\u00a0Schlachthof\u00a0<\/span><\/b><\/p>\n<p>\u00b7<span style=\"font-family: 'Times New Roman','serif';font-size: 7pt\">\u00a0\u00a0\u00a0\u00a0\u00a0\u00a0\u00a0\u00a0 <\/span><b><span style=\"font-family: 'Arial','sans-serif'\">Rheingauviertel-Hollerborn\/Westend:\u00a023.\u00a0Januar\u00a02018,\u00a0Hochschule RheinMain<\/span><\/b><\/p>\n<p>\u00b7<span style=\"font-family: 'Times New Roman','serif';font-size: 7pt\">\u00a0\u00a0\u00a0\u00a0\u00a0\u00a0\u00a0\u00a0 <\/span><b><span style=\"font-family: 'Arial','sans-serif'\">Biebrich:\u00a025.\u00a0Januar\u00a02018,\u00a0Galatea-Anlage<\/span><\/b><\/p>\n<p>\u00b7<span style=\"font-family: 'Times New Roman','serif';font-size: 7pt\">\u00a0\u00a0\u00a0\u00a0\u00a0\u00a0\u00a0\u00a0 <\/span><b><span style=\"font-family: 'Arial','sans-serif'\">Kastel\/Am\u00f6neburg:\u00a030.\u00a0Januar\u00a02018,\u00a0Johann-Hinrich-Wichern-Schule<\/span><\/b><\/p>\n<p>Die Infomessen sind als offenes Format ohne festes Programm geplant, bei dem die Bewohnerinnen und Bewohner der jeweiligen Ortsteile kommen und gehen k\u00f6nnen, wann sie m\u00f6chten. Eine Anmeldung ist nicht erforderlich \u2013 alle B\u00fcrgerinnen und B\u00fcrger sind jeweils von 15 bis 20 Uhr dazu eingeladen, sich zu informieren und mitzudiskutieren. Bei den Veranstaltungen haben sie die M\u00f6glichkeit, an Infost\u00e4nden in den direkten Dialog mit Experten der zust\u00e4ndigen \u00c4mter sowie Planungsb\u00fcros und den Vertretern der anderen Teilnehmer zu treten. Die Themen Planungsprozess und Gesamtplanung, Nutzen und Kosten der \u201eCityBahn\u201c sowie Mobilit\u00e4tsstrategien\u00a0sollen\u00a0 im Mittelpunkt stehen. Die Erkenntnisse aus dem Beteiligungsverfahren sollen unmittelbar in die weiteren Planungen eingehen.<\/p>\n<p>Wir werden mit einem Infostand bei allen 4 Infomessen vertreten sein.<\/p>\n","protected":false},"excerpt":{"rendered":"<p>Neben dem Verkehrsclub Deutschland und der B\u00fcrgerinitiative \u201eBusse statt Citybahn\u201c ist auch unsere B\u00fcrgerinitiative zu den\u00a0Wiesbadener Infomessen eingeladen worden, die ab dem 18.01.2018 jeweils zwischen 15 und 20 Uhr stattfinden sollen. Die Termine lauten \u00b7\u00a0\u00a0\u00a0\u00a0\u00a0\u00a0\u00a0\u00a0 S\u00fcdost\/Mitte:\u00a018.\u00a0Januar\u00a02018,\u00a0Schlachthof\u00a0 \u00b7\u00a0\u00a0\u00a0\u00a0\u00a0\u00a0\u00a0\u00a0 Rheingauviertel-Hollerborn\/Westend:\u00a023.\u00a0Januar\u00a02018,\u00a0Hochschule RheinMain \u00b7\u00a0\u00a0\u00a0\u00a0\u00a0\u00a0\u00a0\u00a0 Biebrich:\u00a025.\u00a0Januar\u00a02018,\u00a0Galatea-Anlage \u00b7\u00a0\u00a0\u00a0\u00a0\u00a0\u00a0\u00a0\u00a0 Kastel\/Am\u00f6neburg:\u00a030.\u00a0Januar\u00a02018,\u00a0Johann-Hinrich-Wichern-Schule Die Infomessen sind als offenes Format ohne&hellip; <\/p>\n","protected":false},"author":3,"featured_media":0,"comment_status":"closed","ping_status":"closed","sticky":false,"template":"","format":"standard","meta":{"footnotes":""},"categories":[9],"tags":[],"class_list":["post-888","post","type-post","status-publish","format-standard","hentry","category-veranstaltungen"],"_links":{"self":[{"href":"https:\/\/mitbestimmung-citybahn.de\/mitbestimmung\/index.php?rest_route=\/wp\/v2\/posts\/888","targetHints":{"allow":["GET"]}}],"collection":[{"href":"https:\/\/mitbestimmung-citybahn.de\/mitbestimmung\/index.php?rest_route=\/wp\/v2\/posts"}],"about":[{"href":"https:\/\/mitbestimmung-citybahn.de\/mitbestimmung\/index.php?rest_route=\/wp\/v2\/types\/post"}],"author":[{"embeddable":true,"href":"https:\/\/mitbestimmung-citybahn.de\/mitbestimmung\/index.php?rest_route=\/wp\/v2\/users\/3"}],"replies":[{"embeddable":true,"href":"https:\/\/mitbestimmung-citybahn.de\/mitbestimmung\/index.php?rest_route=%2Fwp%2Fv2%2Fcomments&post=888"}],"version-history":[{"count":1,"href":"https:\/\/mitbestimmung-citybahn.de\/mitbestimmung\/index.php?rest_route=\/wp\/v2\/posts\/888\/revisions"}],"predecessor-version":[{"id":889,"href":"https:\/\/mitbestimmung-citybahn.de\/mitbestimmung\/index.php?rest_route=\/wp\/v2\/posts\/888\/revisions\/889"}],"wp:attachment":[{"href":"https:\/\/mitbestimmung-citybahn.de\/mitbestimmung\/index.php?rest_route=%2Fwp%2Fv2%2Fmedia&parent=888"}],"wp:term":[{"taxonomy":"category","embeddable":true,"href":"https:\/\/mitbestimmung-citybahn.de\/mitbestimmung\/index.php?rest_route=%2Fwp%2Fv2%2Fcategories&post=888"},{"taxonomy":"post_tag","embeddable":true,"href":"https:\/\/mitbestimmung-citybahn.de\/mitbestimmung\/index.php?rest_route=%2Fwp%2Fv2%2Ftags&post=888"}],"curies":[{"name":"wp","href":"https:\/\/api.w.org\/{rel}","templated":true}]}}